{"id":3295,"date":"2026-08-22T19:14:42","date_gmt":"2026-08-22T22:14:42","guid":{"rendered":"https:\/\/cristianoandradeseguros.com.br\/blog\/?p=3295"},"modified":"2026-08-22T19:14:45","modified_gmt":"2026-08-22T22:14:45","slug":"como-escolher-um-plano-de-saude-para-a-familia-preco-e-apenas-uma-parte-da-decisao","status":"publish","type":"post","link":"https:\/\/cristianoandradeseguros.com.br\/blog\/como-escolher-um-plano-de-saude-para-a-familia-preco-e-apenas-uma-parte-da-decisao\/","title":{"rendered":"COMO ESCOLHER UM PLANO DE SA\u00daDE PARA A FAM\u00cdLIA? PRE\u00c7O \u00c9 APENAS UMA PARTE DA DECIS\u00c3O"},"content":{"rendered":"<p class=\"estimated-read-time\">Tempo de leitura:<small> 10 minutos<\/small><\/p> \n<p class=\"wp-block-paragraph\"><strong><em>Antes de contratar um plano de sa\u00fade familiar, avalie quem utilizar\u00e1 o benef\u00edcio, onde essas pessoas moram, qual cobertura precisam e quais hospitais, cl\u00ednicas e laborat\u00f3rios s\u00e3o importantes. A pr\u00f3pria ANS orienta o consumidor a definir suas necessidades e comparar os planos dispon\u00edveis antes da escolha.<\/em><\/strong><\/p>\n\n\n\n<h2 class=\"wp-block-heading\">ANTES DE TUDO: PLANO DE SA\u00daDE N\u00c3O DEVE SER ESCOLHIDO COMO UM PRODUTO DE PRATELEIRA<\/h2>\n\n\n\n<p class=\"wp-block-paragraph\">Quando uma fam\u00edlia come\u00e7a a pesquisar um plano de sa\u00fade, \u00e9 natural perguntar primeiro:<\/p>\n\n\n\n<p class=\"wp-block-paragraph\"><strong>\u201cQuanto custa?\u201d<\/strong><\/p>\n\n\n\n<p class=\"wp-block-paragraph\">Contudo, essa n\u00e3o deveria ser a \u00fanica pergunta.<\/p>\n\n\n\n<p class=\"wp-block-paragraph\">Antes de comparar mensalidades, considere:<\/p>\n\n\n\n<ul class=\"wp-block-list\">\n<li><a href=\"https:\/\/cristianoandradeseguros.com.br\/blog\/planos-de-saude-porto-seguro-no-abcdm\/\" data-type=\"post\" data-id=\"3048\"><strong>Quem utilizar\u00e1 o plano?<\/strong><\/a><\/li>\n\n\n\n<li>Existem crian\u00e7as na fam\u00edlia?<\/li>\n\n\n\n<li>H\u00e1 pessoas idosas?<\/li>\n\n\n\n<li>Onde os benefici\u00e1rios moram?<\/li>\n\n\n\n<li>Quais hospitais s\u00e3o considerados importantes?<\/li>\n\n\n\n<li>Qual regi\u00e3o precisa estar coberta?<\/li>\n\n\n\n<li>Que tipo de cobertura ser\u00e1 necess\u00e1rio?<\/li>\n\n\n\n<li>Existem necessidades recorrentes de atendimento?<\/li>\n<\/ul>\n\n\n\n<p class=\"wp-block-paragraph\">Nesse sentido, a pr\u00f3pria ANS orienta que o consumidor reflita sobre suas necessidades antes de selecionar um plano para si ou para a fam\u00edlia.<\/p>\n\n\n\n<h2 class=\"wp-block-heading\">O QUE A ANS RECOMENDA ANALISAR?<\/h2>\n\n\n\n<p class=\"wp-block-paragraph\">Segundo a <a href=\"https:\/\/cristianoandradeseguros.com.br\/blog\/o-que-e-rol-de-procedimentos-da-ans\/\" data-type=\"post\" data-id=\"2133\"><strong>ANS<\/strong><\/a>, ao adquirir um plano \u00e9 importante observar atentamente caracter\u00edsticas como <strong>tipo de contrata\u00e7\u00e3o, segmenta\u00e7\u00e3o assistencial, rede credenciada, acomoda\u00e7\u00e3o e abrang\u00eancia geogr\u00e1fica<\/strong>.<\/p>\n\n\n\n<p class=\"wp-block-paragraph\">Na pr\u00e1tica:<\/p>\n\n\n\n<figure class=\"wp-block-table\"><table class=\"has-fixed-layout\"><thead><tr><th>O que analisar<\/th><th>Por que importa<\/th><\/tr><\/thead><tbody><tr><td><strong>Tipo de contrata\u00e7\u00e3o<\/strong><\/td><td>Define caracter\u00edsticas e regras do contrato<\/td><\/tr><tr><td><strong>Segmenta\u00e7\u00e3o assistencial<\/strong><\/td><td>Determina os tipos de cobertura contratados<\/td><\/tr><tr><td><strong>Rede credenciada<\/strong><\/td><td>Mostra hospitais, cl\u00ednicas, laborat\u00f3rios e profissionais dispon\u00edveis<\/td><\/tr><tr><td><strong>Acomoda\u00e7\u00e3o<\/strong><\/td><td>Define, quando aplic\u00e1vel, enfermaria ou quarto<\/td><\/tr><tr><td><strong>Abrang\u00eancia geogr\u00e1fica<\/strong><\/td><td>Determina onde o plano poder\u00e1 ser utilizado<\/td><\/tr><tr><td><strong>Car\u00eancia<\/strong><\/td><td>Indica quando determinados atendimentos poder\u00e3o come\u00e7ar a ser utilizados<\/td><\/tr><\/tbody><\/table><\/figure>\n\n\n\n<p class=\"wp-block-paragraph\">Fonte dos crit\u00e9rios: Ag\u00eancia Nacional de Sa\u00fade Suplementar.<\/p>\n\n\n\n<p class=\"wp-block-paragraph\">Portanto, <strong>comparar dois planos somente pelo pre\u00e7o pode esconder diferen\u00e7as importantes entre eles.<\/strong><\/p>\n\n\n\n<h2 class=\"wp-block-heading\">QUAL \u00c9 O TAMANHO DO MERCADO DE PLANOS DE SA\u00daDE NO BRASIL?<\/h2>\n\n\n\n<p class=\"wp-block-paragraph\">Os dados mais recentes disponibilizados pela ANS mostram a dimens\u00e3o da sa\u00fade suplementar brasileira.<\/p>\n\n\n\n<p class=\"wp-block-paragraph\">Em <strong>junho de 2026<\/strong>, o pa\u00eds possu\u00eda <strong>53.145.666 benefici\u00e1rios em planos de assist\u00eancia m\u00e9dica com ou sem odontologia<\/strong>. Em dezembro de 2025, eram 52.918.690 e, em dezembro de 2024, 51.970.924.<\/p>\n\n\n\n<h3 class=\"wp-block-heading\">EVOLU\u00c7\u00c3O DO N\u00daMERO DE BENEFICI\u00c1RIOS<\/h3>\n\n\n\n<figure class=\"wp-block-table\"><table class=\"has-fixed-layout\"><thead><tr><th>Per\u00edodo<\/th><th>Benefici\u00e1rios de assist\u00eancia m\u00e9dica<\/th><\/tr><\/thead><tbody><tr><td>Dezembro\/2024<\/td><td><strong>51.970.924<\/strong><\/td><\/tr><tr><td>Dezembro\/2025<\/td><td><strong>52.918.690<\/strong><\/td><\/tr><tr><td>Junho\/2026<\/td><td><strong>53.145.666<\/strong><\/td><\/tr><\/tbody><\/table><\/figure>\n\n\n\n<p class=\"wp-block-paragraph\"><strong>Fonte:<\/strong> Sistema de Informa\u00e7\u00f5es de Benefici\u00e1rios \u2013 SIB\/ANS\/MS. Dados atualizados at\u00e9 junho de 2026.<\/p>\n\n\n\n<p class=\"wp-block-paragraph\">Ou seja, estamos falando de um mercado que ultrapassa <strong>53 milh\u00f5es de v\u00ednculos de assist\u00eancia m\u00e9dica<\/strong>.<\/p>\n\n\n\n<h2 class=\"wp-block-heading\">E QUANTAS PESSOAS POSSUEM PLANOS INDIVIDUAIS OU FAMILIARES?<\/h2>\n\n\n\n<p class=\"wp-block-paragraph\">Outro dado ajuda a contextualizar especificamente este conte\u00fado.<\/p>\n\n\n\n<p class=\"wp-block-paragraph\">Dos 53.145.666 benefici\u00e1rios de assist\u00eancia m\u00e9dica registrados em junho de 2026, <strong>8.422.889 estavam vinculados a planos individuais ou familiares<\/strong>.<\/p>\n\n\n\n<p class=\"wp-block-paragraph\">Veja a distribui\u00e7\u00e3o:<\/p>\n\n\n\n<figure class=\"wp-block-table\"><table class=\"has-fixed-layout\"><thead><tr><th>Tipo de contrata\u00e7\u00e3o<\/th><th>Benefici\u00e1rios \u2013 junho\/2026<\/th><\/tr><\/thead><tbody><tr><td>Coletivo empresarial<\/td><td><strong>38.885.383<\/strong><\/td><\/tr><tr><td>Individual ou familiar<\/td><td><strong>8.422.889<\/strong><\/td><\/tr><tr><td>Coletivo por ades\u00e3o<\/td><td><strong>5.814.427<\/strong><\/td><\/tr><tr><td>Coletivo n\u00e3o identificado<\/td><td><strong>175<\/strong><\/td><\/tr><tr><td>N\u00e3o informado<\/td><td><strong>22.792<\/strong><\/td><\/tr><tr><td><strong>Total<\/strong><\/td><td><strong>53.145.666<\/strong><\/td><\/tr><\/tbody><\/table><\/figure>\n\n\n\n<p class=\"wp-block-paragraph\">Fonte: SIB\/ANS\/MS.<\/p>\n\n\n\n<p class=\"wp-block-paragraph\">Esses n\u00fameros ajudam a demonstrar por que compreender <strong>qual modalidade est\u00e1 sendo contratada<\/strong> \u00e9 t\u00e3o importante.<\/p>\n\n\n\n<h2 class=\"wp-block-heading\">O PLANO INDIVIDUAL OU FAMILIAR POSSUI REGRAS PR\u00d3PRIAS?<\/h2>\n\n\n\n<p class=\"wp-block-paragraph\">Sim.<\/p>\n\n\n\n<p class=\"wp-block-paragraph\">Segundo a ANS, nos planos individuais ou familiares a ades\u00e3o \u00e9 livre, a cobran\u00e7a \u00e9 realizada diretamente ao consumidor pela operadora e pode haver aplica\u00e7\u00e3o de car\u00eancias. A cobertura, por sua vez, segue o contrato e o Rol de Procedimentos e Eventos em Sa\u00fade aplic\u00e1vel.<\/p>\n\n\n\n<p class=\"wp-block-paragraph\">Al\u00e9m disso, existem diferen\u00e7as importantes entre planos individuais\/familiares, coletivos empresariais e coletivos por ades\u00e3o.<\/p>\n\n\n\n<p class=\"wp-block-paragraph\">Por isso, antes de comparar pre\u00e7os, <strong>confirme exatamente qual tipo de contrata\u00e7\u00e3o est\u00e1 sendo oferecido.<\/strong><\/p>\n\n\n\n<h2 class=\"wp-block-heading\">POR QUE A REDE CREDENCIADA DEVE SER ANALISADA ANTES DO PRE\u00c7O?<\/h2>\n\n\n\n<p class=\"wp-block-paragraph\">Imagine uma fam\u00edlia que <strong><a href=\"https:\/\/cristianoandradeseguros.com.br\/blog\/category\/seguradoras-parceiras-santo-andre-abc-paulista\/\" data-type=\"category\" data-id=\"17\">mora no ABC Paulist<\/a>a<\/strong>.<\/p>\n\n\n\n<p class=\"wp-block-paragraph\">Ela encontra um plano com uma mensalidade atraente. Entretanto, depois da contrata\u00e7\u00e3o percebe que determinados hospitais considerados importantes n\u00e3o pertencem \u00e0 rede daquele produto ou que os prestadores dispon\u00edveis ficam distantes da sua rotina.<\/p>\n\n\n\n<p class=\"wp-block-paragraph\">Nesse caso, o menor pre\u00e7o n\u00e3o necessariamente representa a melhor adequa\u00e7\u00e3o.<\/p>\n\n\n\n<p class=\"wp-block-paragraph\">A ANS orienta o benefici\u00e1rio a verificar a <strong>rede credenciada<\/strong>, incluindo hospitais, cl\u00ednicas, laborat\u00f3rios e profissionais.<\/p>\n\n\n\n<p class=\"wp-block-paragraph\">Al\u00e9m disso, a Ag\u00eancia esclarece que os prestadores credenciados podem variar entre os diferentes planos dispon\u00edveis no mercado.<\/p>\n\n\n\n<p class=\"wp-block-paragraph\">Portanto, antes de assinar, confira a rede espec\u00edfica do produto escolhido.<\/p>\n\n\n\n<h2 class=\"wp-block-heading\">ONDE VOC\u00ca MORA TAMB\u00c9M MUDA A ESCOLHA?<\/h2>\n\n\n\n<p class=\"wp-block-paragraph\">Pode mudar bastante.<\/p>\n\n\n\n<p class=\"wp-block-paragraph\">Segundo a ANS, a abrang\u00eancia geogr\u00e1fica de um plano pode ser nacional, estadual, abranger grupos de estados, munic\u00edpios ou grupos de munic\u00edpios. A orienta\u00e7\u00e3o \u00e9 verificar no contrato qual \u00e9 a \u00e1rea geogr\u00e1fica efetivamente coberta.<\/p>\n\n\n\n<p class=\"wp-block-paragraph\">Assim, uma fam\u00edlia que utiliza atendimento principalmente em Santo Andr\u00e9 pode ter necessidades diferentes de outra que precisa circular frequentemente entre o ABC Paulista e diferentes regi\u00f5es de S\u00e3o Paulo.<\/p>\n\n\n\n<p class=\"wp-block-paragraph\">Por outro lado, quem viaja constantemente tamb\u00e9m pode atribuir maior import\u00e2ncia \u00e0 abrang\u00eancia.<\/p>\n\n\n\n<p class=\"wp-block-paragraph\"><strong>A melhor rede, portanto, precisa ser analisada considerando a rotina real dos benefici\u00e1rios.<\/strong><\/p>\n\n\n\n<h2 class=\"wp-block-heading\">CRIAN\u00c7AS, ADULTOS E IDOSOS PODEM TER NECESSIDADES DIFERENTES<\/h2>\n\n\n\n<p class=\"wp-block-paragraph\">Uma fam\u00edlia n\u00e3o \u00e9 simplesmente um conjunto de CPFs dentro do mesmo contrato.<\/p>\n\n\n\n<p class=\"wp-block-paragraph\">Uma crian\u00e7a pode demandar determinado perfil de atendimento. Ao mesmo tempo, adultos e idosos podem possuir outras prioridades.<\/p>\n\n\n\n<p class=\"wp-block-paragraph\">Por isso, a an\u00e1lise deve partir dos benefici\u00e1rios reais.<\/p>\n\n\n\n<p class=\"wp-block-paragraph\">N\u00e3o se trata de presumir que determinada idade necessariamente utilizar\u00e1 um servi\u00e7o espec\u00edfico. Trata-se de entender <strong>quais caracter\u00edsticas do produto atendem \u00e0s necessidades declaradas daquela fam\u00edlia<\/strong>.<\/p>\n\n\n\n<p class=\"wp-block-paragraph\">Dessa forma, a contrata\u00e7\u00e3o se torna mais personalizada e menos baseada em generaliza\u00e7\u00f5es.<\/p>\n\n\n\n<h2 class=\"wp-block-heading\">E SE EXISTIR UM TRATAMENTO EM ANDAMENTO?<\/h2>\n\n\n\n<p class=\"wp-block-paragraph\">Nesse caso, a an\u00e1lise contratual merece ainda mais aten\u00e7\u00e3o.<\/p>\n\n\n\n<p class=\"wp-block-paragraph\">Antes de qualquer mudan\u00e7a ou nova contrata\u00e7\u00e3o, \u00e9 importante verificar cobertura, rede assistencial, car\u00eancias aplic\u00e1veis e demais regras do produto.<\/p>\n\n\n\n<p class=\"wp-block-paragraph\">A ANS define car\u00eancia como o per\u00edodo que o consumidor precisa aguardar, ap\u00f3s a contrata\u00e7\u00e3o, para utilizar determinado procedimento. Nos planos novos ou adaptados \u00e0 Lei n\u00ba 9.656\/1998, existem limites m\u00e1ximos estabelecidos pela legisla\u00e7\u00e3o.<\/p>\n\n\n\n<h3 class=\"wp-block-heading\">TABELA OFICIAL DE CAR\u00caNCIAS M\u00c1XIMAS<\/h3>\n\n\n\n<figure class=\"wp-block-table\"><table class=\"has-fixed-layout\"><thead><tr><th>Situa\u00e7\u00e3o<\/th><th>Limite m\u00e1ximo<\/th><\/tr><\/thead><tbody><tr><td>Urg\u00eancia e emerg\u00eancia, nas condi\u00e7\u00f5es previstas<\/td><td><strong>24 horas<\/strong><\/td><\/tr><tr><td>Parto a termo<\/td><td><strong>300 dias<\/strong><\/td><\/tr><tr><td>Demais situa\u00e7\u00f5es<\/td><td><strong>180 dias<\/strong><\/td><\/tr><\/tbody><\/table><\/figure>\n\n\n\n<p class=\"wp-block-paragraph\">A ANS ressalta que esses s\u00e3o <strong>limites m\u00e1ximos<\/strong>; a operadora pode estabelecer per\u00edodos menores.<\/p>\n\n\n\n<p class=\"wp-block-paragraph\">Portanto, principalmente quando j\u00e1 existe necessidade assistencial, contratar ou trocar um plano sem verificar essas regras previamente pode gerar uma expectativa diferente da cobertura efetivamente dispon\u00edvel.<\/p>\n\n\n\n<h2 class=\"wp-block-heading\">TODO PLANO OFERECE A MESMA COBERTURA?<\/h2>\n\n\n\n<p class=\"wp-block-paragraph\">N\u00e3o.<\/p>\n\n\n\n<p class=\"wp-block-paragraph\">A ANS estabelece diferentes <strong><a href=\"https:\/\/cristianoandradeseguros.com.br\/blog\/plano-de-saude-familiar-e-caro-o-verdadeiro-custo-pode-ser-nao-ter-protecao\/\" data-type=\"post\" data-id=\"3282\">segmenta\u00e7\u00f5es assistenciais<\/a><\/strong>. Entre elas est\u00e3o cobertura ambulatorial, hospitalar sem obstetr\u00edcia, hospitalar com obstetr\u00edcia, odontol\u00f3gica e combina\u00e7\u00f5es dessas modalidades.<\/p>\n\n\n\n<p class=\"wp-block-paragraph\">Por exemplo, a cobertura ambulatorial compreende consultas, exames, tratamentos e demais procedimentos ambulatoriais previstos para essa segmenta\u00e7\u00e3o.<\/p>\n\n\n\n<p class=\"wp-block-paragraph\">J\u00e1 a cobertura hospitalar envolve servi\u00e7os em regime de interna\u00e7\u00e3o, conforme as caracter\u00edsticas contratadas.<\/p>\n\n\n\n<p class=\"wp-block-paragraph\">Por essa raz\u00e3o, dois planos com pre\u00e7os diferentes podem n\u00e3o estar oferecendo exatamente a mesma estrutura assistencial.<\/p>\n\n\n\n<p class=\"wp-block-paragraph\"><strong>Comparar mensalidades sem comparar cobertura pode significar comparar produtos diferentes.<\/strong><\/p>\n\n\n\n<h2 class=\"wp-block-heading\">O PRE\u00c7O MAIS BAIXO PODE SER UMA BOA ESCOLHA?<\/h2>\n\n\n\n<p class=\"wp-block-paragraph\">Sim \u2014 <strong>desde que o produto mais econ\u00f4mico atenda \u00e0s necessidades da fam\u00edlia<\/strong>.<\/p>\n\n\n\n<p class=\"wp-block-paragraph\">Esse \u00e9 o ponto central.<\/p>\n\n\n\n<p class=\"wp-block-paragraph\">N\u00e3o existe motivo para pagar por uma estrutura que voc\u00ea n\u00e3o precisa apenas porque determinado plano \u00e9 mais caro.<\/p>\n\n\n\n<p class=\"wp-block-paragraph\">Por outro lado, escolher uma op\u00e7\u00e3o exclusivamente porque possui a menor mensalidade, sem verificar rede, cobertura e abrang\u00eancia, tamb\u00e9m pode gerar problemas posteriormente.<\/p>\n\n\n\n<p class=\"wp-block-paragraph\">Portanto, uma compara\u00e7\u00e3o mais inteligente segue outra l\u00f3gica:<\/p>\n\n\n\n<p class=\"wp-block-paragraph\"><strong>necessidades \u2192 cobertura \u2192 rede \u2192 abrang\u00eancia \u2192 condi\u00e7\u00f5es contratuais \u2192 pre\u00e7o.<\/strong><\/p>\n\n\n\n<p class=\"wp-block-paragraph\">O pre\u00e7o continua sendo extremamente importante. Contudo, passa a ser analisado dentro do contexto correto.<\/p>\n\n\n\n<h2 class=\"wp-block-heading\">EXISTE UMA FERRAMENTA OFICIAL PARA COMPARAR PLANOS?<\/h2>\n\n\n\n<p class=\"wp-block-paragraph\">Sim.<\/p>\n\n\n\n<p class=\"wp-block-paragraph\">A ANS disponibiliza o <strong>Guia de Planos<\/strong>, ferramenta que permite pesquisar planos dispon\u00edveis para comercializa\u00e7\u00e3o e comparar alternativas.<\/p>\n\n\n\n<p class=\"wp-block-paragraph\">Segundo a pr\u00f3pria Ag\u00eancia, as informa\u00e7\u00f5es s\u00e3o atualizadas diariamente a partir dos sistemas alimentados pelas operadoras.<\/p>\n\n\n\n<p class=\"wp-block-paragraph\">Al\u00e9m disso, antes da contrata\u00e7\u00e3o, a ANS recomenda solicitar o n\u00famero de registro da operadora e do plano. Com essas informa\u00e7\u00f5es, o consumidor pode consultar dados oficiais e avalia\u00e7\u00f5es dispon\u00edveis no portal da Ag\u00eancia.<\/p>\n\n\n\n<p class=\"wp-block-paragraph\">Isso adiciona uma etapa objetiva \u00e0 escolha.<\/p>\n\n\n\n<h2 class=\"wp-block-heading\">ANTES DE CONTRATAR, FA\u00c7A ESTE CHECKLIST<\/h2>\n\n\n\n<p class=\"wp-block-paragraph\">Antes de decidir, pergunte:<\/p>\n\n\n\n<p class=\"wp-block-paragraph\"><strong>1. Quem utilizar\u00e1 o plano?<\/strong><br>Considere todos os benefici\u00e1rios.<\/p>\n\n\n\n<p class=\"wp-block-paragraph\"><strong>2. Onde essas pessoas precisam ser atendidas?<\/strong><br>Avalie resid\u00eancia, trabalho e rotina.<\/p>\n\n\n\n<p class=\"wp-block-paragraph\"><strong>3. Quais hospitais e laborat\u00f3rios s\u00e3o priorit\u00e1rios?<\/strong><br>Confirme se pertencem \u00e0 rede espec\u00edfica do produto.<\/p>\n\n\n\n<p class=\"wp-block-paragraph\"><strong>4. Qual segmenta\u00e7\u00e3o assistencial est\u00e1 sendo contratada?<\/strong><br>N\u00e3o presuma que todos os planos oferecem exatamente a mesma cobertura.<\/p>\n\n\n\n<p class=\"wp-block-paragraph\"><strong>5. Qual \u00e9 a abrang\u00eancia geogr\u00e1fica?<\/strong><br>Regional e nacional podem atender necessidades diferentes.<\/p>\n\n\n\n<p class=\"wp-block-paragraph\"><strong>6. Existem car\u00eancias?<\/strong><br>Verifique-as antes de contratar.<\/p>\n\n\n\n<p class=\"wp-block-paragraph\"><strong>7. A operadora e o plano possuem registro na ANS?<\/strong><br>Consulte as informa\u00e7\u00f5es oficiais.<\/p>\n\n\n\n<p class=\"wp-block-paragraph\"><strong>8. Depois de tudo isso, quanto custa?<\/strong><\/p>\n\n\n\n<p class=\"wp-block-paragraph\">Assim, o pre\u00e7o entra na decis\u00e3o no momento correto.<\/p>\n\n\n\n<h2 class=\"wp-block-heading\">ANALISAR ANTES PODE EVITAR UMA ESCOLHA INADEQUADA<\/h2>\n\n\n\n<p class=\"wp-block-paragraph\">Plano de sa\u00fade n\u00e3o deveria ser escolhido apenas pelo menor boleto.<\/p>\n\n\n\n<p class=\"wp-block-paragraph\">Antes de tudo, \u00e9 necess\u00e1rio compreender <strong>quem ser\u00e1 protegido, onde essa pessoa precisa ser atendida e quais caracter\u00edsticas do plano s\u00e3o realmente importantes<\/strong>.<\/p>\n\n\n\n<p class=\"wp-block-paragraph\">A pr\u00f3pria ANS destaca diferen\u00e7as entre produtos quanto ao tipo de contrata\u00e7\u00e3o, segmenta\u00e7\u00e3o, abrang\u00eancia geogr\u00e1fica e rede assistencial.<\/p>\n\n\n\n<p class=\"wp-block-paragraph\">Nesse sentido, cada fam\u00edlia pode chegar a uma conclus\u00e3o diferente.<\/p>\n\n\n\n<p class=\"wp-block-paragraph\">Para uma, uma rede regional mais econ\u00f4mica pode ser suficiente. Para outra, determinados hospitais ou uma abrang\u00eancia maior podem ser prioridades.<\/p>\n\n\n\n<p class=\"wp-block-paragraph\">Em s\u00edntese:<\/p>\n\n\n\n<p class=\"wp-block-paragraph\"><strong>n\u00e3o procure simplesmente o plano mais barato. Procure, entre os planos adequados \u00e0s suas necessidades, aquele que apresenta uma rela\u00e7\u00e3o de custo e benef\u00edcio coerente com sua realidade.<\/strong><\/p>\n\n\n\n<p class=\"wp-block-paragraph\">Analisar antes tende a ser muito mais simples do que descobrir, depois da contrata\u00e7\u00e3o, que uma caracter\u00edstica considerada essencial n\u00e3o estava inclu\u00edda.<\/p>\n\n\n\n<h2 class=\"wp-block-heading\">PERGUNTAS FREQUENTES (FAQ)<\/h2>\n\n\n\n<h3 class=\"wp-block-heading\">1. O que devo analisar antes de contratar um plano familiar?<\/h3>\n\n\n\n<p class=\"wp-block-paragraph\">A ANS orienta observar, entre outros aspectos, tipo de contrata\u00e7\u00e3o, segmenta\u00e7\u00e3o assistencial, rede credenciada, acomoda\u00e7\u00e3o e abrang\u00eancia geogr\u00e1fica.<\/p>\n\n\n\n<h3 class=\"wp-block-heading\">2. Todos os planos possuem os mesmos hospitais?<\/h3>\n\n\n\n<p class=\"wp-block-paragraph\">N\u00e3o. A rede assistencial varia entre produtos. Por isso, confirme a rede espec\u00edfica do plano antes da contrata\u00e7\u00e3o.<\/p>\n\n\n\n<h3 class=\"wp-block-heading\">3. Plano individual ou familiar possui car\u00eancia?<\/h3>\n\n\n\n<p class=\"wp-block-paragraph\">Pode possuir. Segundo a ANS, h\u00e1 aplica\u00e7\u00e3o de car\u00eancia nessa modalidade, respeitadas as regras legais pertinentes.<\/p>\n\n\n\n<h3 class=\"wp-block-heading\">4. Como verificar se uma operadora \u00e9 confi\u00e1vel?<\/h3>\n\n\n\n<p class=\"wp-block-paragraph\">A ANS recomenda solicitar os n\u00fameros de registro da operadora e do plano. No portal da Ag\u00eancia, o consumidor pode consultar informa\u00e7\u00f5es e indicadores sobre a operadora.<\/p>\n\n\n\n<h3 class=\"wp-block-heading\">5. Quantas pessoas possuem plano de assist\u00eancia m\u00e9dica no Brasil?<\/h3>\n\n\n\n<p class=\"wp-block-paragraph\">Em junho de 2026, a ANS contabilizava <strong>53.145.666 benefici\u00e1rios<\/strong> de planos de assist\u00eancia m\u00e9dica com ou sem odontologia. Desses, <strong>8.422.889<\/strong> estavam em contratos individuais ou familiares.<\/p>\n\n\n\n<h1 class=\"wp-block-heading\">QUER COMPARAR PLANOS DE SA\u00daDE PARA SUA FAM\u00cdLIA?<\/h1>\n\n\n\n<p class=\"wp-block-paragraph\">Antes de contratar pelo menor pre\u00e7o, analise <strong>benefici\u00e1rios, regi\u00e3o, hospitais, rede credenciada, cobertura, car\u00eancias e or\u00e7amento<\/strong>.<\/p>\n\n\n\n<p class=\"wp-block-paragraph\">A <a href=\"https:\/\/cristianoandradeseguros.com.br\/#faleconosco\" data-type=\"link\" data-id=\"https:\/\/cristianoandradeseguros.com.br\/#faleconosco\"><strong>Cristiano Andrade Seguros<\/strong><\/a> pode auxiliar nessa compara\u00e7\u00e3o para encontrar alternativas compat\u00edveis com as necessidades da sua fam\u00edlia.<\/p>\n\n\n\n<p class=\"wp-block-paragraph\">&#x1f4f2; <strong>WhatsApp: (11) 99273-8620<\/strong><br>&#x260e;&#xfe0f; <strong>Telefone: (11) 2896-5000<\/strong><\/p>\n\n\n\n<p class=\"wp-block-paragraph\"><strong>Cristiano Andrade Seguros | Planos de Sa\u00fade e Cons\u00f3rcio ABC Paulista<\/strong><br><em>Protegendo o sonho que voc\u00ea conquistou&#8230;<\/em><br><strong>SUSEP: 202023575<\/strong><\/p>\n\n\n\n<figure class=\"wp-block-embed is-type-video is-provider-youtube wp-block-embed-youtube wp-embed-aspect-9-16 wp-has-aspect-ratio\"><div class=\"wp-block-embed__wrapper\">\n<iframe loading=\"lazy\" title=\"COMO ESCOLHER PLANO DE SA\u00daDE FAMILIAR? Pre\u00e7o vs. Cobertura da ANS \ud83c\udfe5\ud83d\udc68\u200d\ud83d\udc69\u200d\ud83d\udc67Cristiano Andrade Seguros\" width=\"563\" height=\"1000\" src=\"https:\/\/www.youtube.com\/embed\/2CFFzJu4hNc?feature=oembed\" frameborder=\"0\" allow=\"accelerometer; autoplay; clipboard-write; encrypted-media; gyroscope; picture-in-picture; web-share\" referrerpolicy=\"strict-origin-when-cross-origin\" allowfullscreen><\/iframe>\n<\/div><\/figure>\n","protected":false},"excerpt":{"rendered":"<p>Escolher um plano de sa\u00fade familiar exige mais do que comparar pre\u00e7os. Rede credenciada, hospitais, abrang\u00eancia, segmenta\u00e7\u00e3o assistencial, car\u00eancias e perfil dos benefici\u00e1rios precisam ser analisados em conjunto. Segundo a ANS, o Brasil j\u00e1 possui mais de 53,1 milh\u00f5es de benefici\u00e1rios de assist\u00eancia m\u00e9dica, sendo aproximadamente 8,4 milh\u00f5es em planos individuais ou familiares.<\/p>\n","protected":false},"author":1,"featured_media":3296,"comment_status":"closed","ping_status":"closed","sticky":false,"template":"","format":"standard","meta":{"_joinchat":[],"footnotes":""},"categories":[6,378,11],"tags":[121,37,79,1399,1370,1386,1403,1401,1359],"class_list":["entry","author-cristianoanadrade7","has-excerpt","post-3295","post","type-post","status-publish","format-standard","has-post-thumbnail","category-corretor-de-seguros-santo-andre-abc-paulista","category-plano-odontologico-santo-andre-abc-paulista","category-planos-de-saude-santo-andre-abc-paulista","tag-corretor-de-seguros","tag-cristiano-andrade-seguros","tag-planos-de-saude","tag-planos-de-saude-abc","tag-planos-de-saude-bradesco","tag-planos-de-saude-empresarial","tag-planos-de-saude-familia","tag-planos-de-saude-funcionarios","tag-planos-de-saude-porto-seguro"],"yoast_head":"<!-- This site is optimized with the Yoast SEO plugin v28.4 - https:\/\/yoast.com\/product\/yoast-seo-wordpress\/ -->\n<title>COMO ESCOLHER UM PLANO DE SA\u00daDE PARA A FAM\u00cdLIA? PRE\u00c7O \u00c9 APENAS UMA PARTE DA DECIS\u00c3O<\/title>\n<meta name=\"robots\" content=\"index, follow, max-snippet:-1, max-image-preview:large, max-video-preview:-1\" \/>\n<link rel=\"canonical\" href=\"https:\/\/cristianoandradeseguros.com.br\/blog\/como-escolher-um-plano-de-saude-para-a-familia-preco-e-apenas-uma-parte-da-decisao\/\" \/>\n<meta property=\"og:locale\" content=\"pt_BR\" \/>\n<meta property=\"og:type\" content=\"article\" \/>\n<meta property=\"og:title\" content=\"COMO ESCOLHER UM PLANO DE SA\u00daDE PARA A FAM\u00cdLIA? PRE\u00c7O \u00c9 APENAS UMA PARTE DA DECIS\u00c3O\" \/>\n<meta property=\"og:description\" content=\"Escolher um plano de sa\u00fade familiar exige mais do que comparar pre\u00e7os. Rede credenciada, hospitais, abrang\u00eancia, segmenta\u00e7\u00e3o assistencial, car\u00eancias e perfil dos benefici\u00e1rios precisam ser analisados em conjunto. Segundo a ANS, o Brasil j\u00e1 possui mais de 53,1 milh\u00f5es de benefici\u00e1rios de assist\u00eancia m\u00e9dica, sendo aproximadamente 8,4 milh\u00f5es em planos individuais ou familiares.\" \/>\n<meta property=\"og:url\" content=\"https:\/\/cristianoandradeseguros.com.br\/blog\/como-escolher-um-plano-de-saude-para-a-familia-preco-e-apenas-uma-parte-da-decisao\/\" \/>\n<meta property=\"og:site_name\" content=\"Cristiano Andrade Seguros | Planos de Sa\u00fade e Cons\u00f3rcio - ABC Paulista\" \/>\n<meta property=\"article:published_time\" content=\"2026-08-22T22:14:42+00:00\" \/>\n<meta property=\"article:modified_time\" content=\"2026-08-22T22:14:45+00:00\" \/>\n<meta property=\"og:image\" content=\"https:\/\/cristianoandradeseguros.com.br\/blog\/wp-content\/uploads\/2026\/08\/cotacao-plano-de-saude-familiar-santo-andre-cristiano-andrade-seguros-planos-de-saude-e-consorcio-santo-andre-abc-paulista-sp.jpg\" \/>\n\t<meta property=\"og:image:width\" content=\"1080\" \/>\n\t<meta property=\"og:image:height\" content=\"1350\" \/>\n\t<meta property=\"og:image:type\" content=\"image\/jpeg\" \/>\n<meta name=\"author\" content=\"Cristiano Andrade\" \/>\n<meta name=\"twitter:card\" content=\"summary_large_image\" \/>\n<meta name=\"twitter:creator\" content=\"@contato_seguros\" \/>\n<meta name=\"twitter:site\" content=\"@contato_seguros\" \/>\n<meta name=\"twitter:label1\" content=\"Escrito por\" \/>\n\t<meta name=\"twitter:data1\" content=\"Cristiano Andrade\" \/>\n\t<meta name=\"twitter:label2\" content=\"Est. tempo de leitura\" \/>\n\t<meta name=\"twitter:data2\" content=\"10 minutos\" \/>\n<!-- \/ Yoast SEO plugin. -->","yoast_head_json":{"title":"COMO ESCOLHER UM PLANO DE SA\u00daDE PARA A FAM\u00cdLIA? PRE\u00c7O \u00c9 APENAS UMA PARTE DA DECIS\u00c3O","robots":{"index":"index","follow":"follow","max-snippet":"max-snippet:-1","max-image-preview":"max-image-preview:large","max-video-preview":"max-video-preview:-1"},"canonical":"https:\/\/cristianoandradeseguros.com.br\/blog\/como-escolher-um-plano-de-saude-para-a-familia-preco-e-apenas-uma-parte-da-decisao\/","og_locale":"pt_BR","og_type":"article","og_title":"COMO ESCOLHER UM PLANO DE SA\u00daDE PARA A FAM\u00cdLIA? PRE\u00c7O \u00c9 APENAS UMA PARTE DA DECIS\u00c3O","og_description":"Escolher um plano de sa\u00fade familiar exige mais do que comparar pre\u00e7os. Rede credenciada, hospitais, abrang\u00eancia, segmenta\u00e7\u00e3o assistencial, car\u00eancias e perfil dos benefici\u00e1rios precisam ser analisados em conjunto. Segundo a ANS, o Brasil j\u00e1 possui mais de 53,1 milh\u00f5es de benefici\u00e1rios de assist\u00eancia m\u00e9dica, sendo aproximadamente 8,4 milh\u00f5es em planos individuais ou familiares.","og_url":"https:\/\/cristianoandradeseguros.com.br\/blog\/como-escolher-um-plano-de-saude-para-a-familia-preco-e-apenas-uma-parte-da-decisao\/","og_site_name":"Cristiano Andrade Seguros | Planos de Sa\u00fade e Cons\u00f3rcio - ABC Paulista","article_published_time":"2026-08-22T22:14:42+00:00","article_modified_time":"2026-08-22T22:14:45+00:00","og_image":[{"width":1080,"height":1350,"url":"https:\/\/cristianoandradeseguros.com.br\/blog\/wp-content\/uploads\/2026\/08\/cotacao-plano-de-saude-familiar-santo-andre-cristiano-andrade-seguros-planos-de-saude-e-consorcio-santo-andre-abc-paulista-sp.jpg","type":"image\/jpeg"}],"author":"Cristiano Andrade","twitter_card":"summary_large_image","twitter_creator":"@contato_seguros","twitter_site":"@contato_seguros","twitter_misc":{"Escrito por":"Cristiano Andrade","Est. tempo de leitura":"10 minutos"},"schema":{"@context":"https:\/\/schema.org","@graph":[{"@type":"Article","@id":"https:\/\/cristianoandradeseguros.com.br\/blog\/como-escolher-um-plano-de-saude-para-a-familia-preco-e-apenas-uma-parte-da-decisao\/#article","isPartOf":{"@id":"https:\/\/cristianoandradeseguros.com.br\/blog\/como-escolher-um-plano-de-saude-para-a-familia-preco-e-apenas-uma-parte-da-decisao\/"},"author":{"name":"Cristiano Andrade","@id":"https:\/\/cristianoandradeseguros.com.br\/blog\/#\/schema\/person\/393100fb6e8d1a834e6fa74969a6d886"},"headline":"COMO ESCOLHER UM PLANO DE SA\u00daDE PARA A FAM\u00cdLIA? PRE\u00c7O \u00c9 APENAS UMA PARTE DA DECIS\u00c3O","datePublished":"2026-08-22T22:14:42+00:00","dateModified":"2026-08-22T22:14:45+00:00","mainEntityOfPage":{"@id":"https:\/\/cristianoandradeseguros.com.br\/blog\/como-escolher-um-plano-de-saude-para-a-familia-preco-e-apenas-uma-parte-da-decisao\/"},"wordCount":1944,"publisher":{"@id":"https:\/\/cristianoandradeseguros.com.br\/blog\/#\/schema\/person\/393100fb6e8d1a834e6fa74969a6d886"},"image":{"@id":"https:\/\/cristianoandradeseguros.com.br\/blog\/como-escolher-um-plano-de-saude-para-a-familia-preco-e-apenas-uma-parte-da-decisao\/#primaryimage"},"thumbnailUrl":"https:\/\/cristianoandradeseguros.com.br\/blog\/wp-content\/uploads\/2026\/08\/cotacao-plano-de-saude-familiar-santo-andre-cristiano-andrade-seguros-planos-de-saude-e-consorcio-santo-andre-abc-paulista-sp.jpg","keywords":["Corretor de Seguros","cristiano andrade seguros","planos de sa\u00fade","planos de sa\u00fade abc","planos de sa\u00fade bradesco","planos de sa\u00fade empresarial","planos de sa\u00fade fam\u00edlia","planos de sa\u00fade funcion\u00e1rios","planos de sa\u00fade porto seguro"],"articleSection":["CORRETOR DE SEGUROS EM SANTO ANDR\u00c9 - ABC PAULISTA","PLANO ODONTOL\u00d3GICO EM SANTO ANDR\u00c9 - ABC PAULISTA","PLANOS DE SA\u00daDE EM SANTO ANDR\u00c9 - ABC PAULISTA"],"inLanguage":"pt-BR"},{"@type":"WebPage","@id":"https:\/\/cristianoandradeseguros.com.br\/blog\/como-escolher-um-plano-de-saude-para-a-familia-preco-e-apenas-uma-parte-da-decisao\/","url":"https:\/\/cristianoandradeseguros.com.br\/blog\/como-escolher-um-plano-de-saude-para-a-familia-preco-e-apenas-uma-parte-da-decisao\/","name":"COMO ESCOLHER UM PLANO DE SA\u00daDE PARA A FAM\u00cdLIA? PRE\u00c7O \u00c9 APENAS UMA PARTE DA DECIS\u00c3O","isPartOf":{"@id":"https:\/\/cristianoandradeseguros.com.br\/blog\/#website"},"primaryImageOfPage":{"@id":"https:\/\/cristianoandradeseguros.com.br\/blog\/como-escolher-um-plano-de-saude-para-a-familia-preco-e-apenas-uma-parte-da-decisao\/#primaryimage"},"image":{"@id":"https:\/\/cristianoandradeseguros.com.br\/blog\/como-escolher-um-plano-de-saude-para-a-familia-preco-e-apenas-uma-parte-da-decisao\/#primaryimage"},"thumbnailUrl":"https:\/\/cristianoandradeseguros.com.br\/blog\/wp-content\/uploads\/2026\/08\/cotacao-plano-de-saude-familiar-santo-andre-cristiano-andrade-seguros-planos-de-saude-e-consorcio-santo-andre-abc-paulista-sp.jpg","datePublished":"2026-08-22T22:14:42+00:00","dateModified":"2026-08-22T22:14:45+00:00","inLanguage":"pt-BR","potentialAction":[{"@type":"ReadAction","target":["https:\/\/cristianoandradeseguros.com.br\/blog\/como-escolher-um-plano-de-saude-para-a-familia-preco-e-apenas-uma-parte-da-decisao\/"]}]},{"@type":"ImageObject","inLanguage":"pt-BR","@id":"https:\/\/cristianoandradeseguros.com.br\/blog\/como-escolher-um-plano-de-saude-para-a-familia-preco-e-apenas-uma-parte-da-decisao\/#primaryimage","url":"https:\/\/cristianoandradeseguros.com.br\/blog\/wp-content\/uploads\/2026\/08\/cotacao-plano-de-saude-familiar-santo-andre-cristiano-andrade-seguros-planos-de-saude-e-consorcio-santo-andre-abc-paulista-sp.jpg","contentUrl":"https:\/\/cristianoandradeseguros.com.br\/blog\/wp-content\/uploads\/2026\/08\/cotacao-plano-de-saude-familiar-santo-andre-cristiano-andrade-seguros-planos-de-saude-e-consorcio-santo-andre-abc-paulista-sp.jpg","width":1080,"height":1350,"caption":"cotacao-plano-de-saude-familiar-santo-andre-cristiano-andrade-seguros-planos-de-saude-e-consorcio-santo-andre-abc-paulista-sp"},{"@type":"WebSite","@id":"https:\/\/cristianoandradeseguros.com.br\/blog\/#website","url":"https:\/\/cristianoandradeseguros.com.br\/blog\/","name":"Cristiano Andrade Seguros | Planos de Sa\u00fade e Cons\u00f3rcio - ABC Paulista","description":"Corretora de Cons\u00f3rcios, Planos de Sa\u00fade e Seguros com atendimento especializado para proteger e expandir seu patrim\u00f4nio.","publisher":{"@id":"https:\/\/cristianoandradeseguros.com.br\/blog\/#\/schema\/person\/393100fb6e8d1a834e6fa74969a6d886"},"potentialAction":[{"@type":"SearchAction","target":{"@type":"EntryPoint","urlTemplate":"https:\/\/cristianoandradeseguros.com.br\/blog\/?s={search_term_string}"},"query-input":{"@type":"PropertyValueSpecification","valueRequired":true,"valueName":"search_term_string"}}],"inLanguage":"pt-BR"},{"@type":["Person","Organization"],"@id":"https:\/\/cristianoandradeseguros.com.br\/blog\/#\/schema\/person\/393100fb6e8d1a834e6fa74969a6d886","name":"Cristiano Andrade","image":{"@type":"ImageObject","inLanguage":"pt-BR","@id":"https:\/\/cristianoandradeseguros.com.br\/blog\/wp-content\/uploads\/2025\/11\/cristiano-andrade-corretora-de-seguros-consorcio-planos-de-saude-abc-paulista-edited.jpeg","url":"https:\/\/cristianoandradeseguros.com.br\/blog\/wp-content\/uploads\/2025\/11\/cristiano-andrade-corretora-de-seguros-consorcio-planos-de-saude-abc-paulista-edited.jpeg","contentUrl":"https:\/\/cristianoandradeseguros.com.br\/blog\/wp-content\/uploads\/2025\/11\/cristiano-andrade-corretora-de-seguros-consorcio-planos-de-saude-abc-paulista-edited.jpeg","width":768,"height":1024,"caption":"Cristiano Andrade"},"logo":{"@id":"https:\/\/cristianoandradeseguros.com.br\/blog\/wp-content\/uploads\/2025\/11\/cristiano-andrade-corretora-de-seguros-consorcio-planos-de-saude-abc-paulista-edited.jpeg"},"description":"Atuando na Administra\u00e7\u00e3o e Comercializa\u00e7\u00e3o de Seguros desde 1996, formado no ano de 2000 no 1\u00ba Curso de Habilita\u00e7\u00e3o para Corretores de Seguros, ministrado pela FUNENSEG (Funda\u00e7\u00e3o Escola Nacional de Seguros) e Tecn\u00f3logo em Gest\u00e3o de Marketing pela Faculdade Est\u00e1cio de S\u00e1 em 2014. Com mais de 25 anos de experi\u00eancia na \u00e1rea comercial, gest\u00e3o de pessoas, gerenciamento de grupos de neg\u00f3cios e treinamento corporativo.","sameAs":["http:\/\/www.cristianoandradeseguros.com.br"],"url":"https:\/\/cristianoandradeseguros.com.br\/blog\/author\/cristianoanadrade7\/"}]}},"_links":{"self":[{"href":"https:\/\/cristianoandradeseguros.com.br\/blog\/wp-json\/wp\/v2\/posts\/3295","targetHints":{"allow":["GET"]}}],"collection":[{"href":"https:\/\/cristianoandradeseguros.com.br\/blog\/wp-json\/wp\/v2\/posts"}],"about":[{"href":"https:\/\/cristianoandradeseguros.com.br\/blog\/wp-json\/wp\/v2\/types\/post"}],"author":[{"embeddable":true,"href":"https:\/\/cristianoandradeseguros.com.br\/blog\/wp-json\/wp\/v2\/users\/1"}],"replies":[{"embeddable":true,"href":"https:\/\/cristianoandradeseguros.com.br\/blog\/wp-json\/wp\/v2\/comments?post=3295"}],"version-history":[{"count":1,"href":"https:\/\/cristianoandradeseguros.com.br\/blog\/wp-json\/wp\/v2\/posts\/3295\/revisions"}],"predecessor-version":[{"id":3297,"href":"https:\/\/cristianoandradeseguros.com.br\/blog\/wp-json\/wp\/v2\/posts\/3295\/revisions\/3297"}],"wp:featuredmedia":[{"embeddable":true,"href":"https:\/\/cristianoandradeseguros.com.br\/blog\/wp-json\/wp\/v2\/media\/3296"}],"wp:attachment":[{"href":"https:\/\/cristianoandradeseguros.com.br\/blog\/wp-json\/wp\/v2\/media?parent=3295"}],"wp:term":[{"taxonomy":"category","embeddable":true,"href":"https:\/\/cristianoandradeseguros.com.br\/blog\/wp-json\/wp\/v2\/categories?post=3295"},{"taxonomy":"post_tag","embeddable":true,"href":"https:\/\/cristianoandradeseguros.com.br\/blog\/wp-json\/wp\/v2\/tags?post=3295"}],"curies":[{"name":"wp","href":"https:\/\/api.w.org\/{rel}","templated":true}]}}